{"id":540,"date":"2022-01-16T18:24:58","date_gmt":"2022-01-16T17:24:58","guid":{"rendered":"https:\/\/rysunkidladzieci.com\/?p=540"},"modified":"2022-01-29T00:14:24","modified_gmt":"2022-01-28T23:14:24","slug":"sowka-i-prosiaczek","status":"publish","type":"post","link":"https:\/\/rysunkidladzieci.com\/index.php\/sowka-i-prosiaczek\/","title":{"rendered":"S\u00f3wka i Prosiaczek"},"content":{"rendered":"\n<figure class=\"wp-block-image size-full\"><img width=\"576\" height=\"768\" src=\"https:\/\/rysunkidladzieci.com\/wp-content\/uploads\/2021\/11\/MP-22.jpg\" alt=\"nocne opowie\u015bci, s\u00f3wka i prosiaczek, las noc\u0105, fioletowy fotel, ilustracja dla dzieci, plakat do pokoju dzieci\u0119cego\" class=\"wp-image-492\" srcset=\"https:\/\/rysunkidladzieci.com\/wp-content\/uploads\/2021\/11\/MP-22.jpg 576w, https:\/\/rysunkidladzieci.com\/wp-content\/uploads\/2021\/11\/MP-22-225x300.jpg 225w, https:\/\/rysunkidladzieci.com\/wp-content\/uploads\/2021\/11\/MP-22-263x350.jpg 263w, https:\/\/rysunkidladzieci.com\/wp-content\/uploads\/2021\/11\/MP-22-113x150.jpg 113w\" sizes=\"(max-width: 576px) 100vw, 576px\" \/><\/figure>\n\n\n\n<p>Poznajcie bohater\u00f3w serii naszych opowiada\u0144. Oto S\u00f3wka i Prosiaczek. Dw\u00f3jka przyjaci\u00f3\u0142, kt\u00f3rzy bardzo lubi\u0105 sp\u0119dza\u0107 ze sob\u0105 czas. Maj\u0105 r\u00f3\u017cne przygody i zawsze dobrze si\u0119 bawi\u0105.<\/p>\n\n\n\n<p>Je\u015bli chcesz zobaczy\u0107 wi\u0119cej ilustracji z tej serii kliknij <a href=\"https:\/\/www.instagram.com\/pati.machnio\/?hl=en\" target=\"_blank\" rel=\"noreferrer noopener\">tutaj<\/a>.<\/p>\n\n\n\n<p>Je\u015bli chcesz przeczyta\u0107 inne moje wpisy, znajdziesz je <a href=\"\/index.php\/2022\/01\/16\/grafika-obrazek-ilustracja-rysunek\/\">tutaj<\/a>.<\/p>\n","protected":false},"excerpt":{"rendered":"<p>Poznajcie bohater\u00f3w serii naszych opowiada\u0144. <a class=\"continue-reading-link\" href=\"https:\/\/rysunkidladzieci.com\/index.php\/sowka-i-prosiaczek\/\">czytaj wi\u0119cej<\/a><\/p>\n","protected":false},"author":1,"featured_media":492,"comment_status":"closed","ping_status":"closed","sticky":false,"template":"","format":"standard","meta":[],"categories":[2],"tags":[4,5],"yoast_head":"<!-- This site is optimized with the Yoast SEO plugin v18.3 - https:\/\/yoast.com\/wordpress\/plugins\/seo\/ -->\n<title>S\u00f3wka i Prosiaczek - pati machnio<\/title>\n<meta name=\"description\" content=\"Poznajcie bohater\u00f3w serii naszych opowiada\u0144. Oto S\u00f3wka i Prosiaczek. Dw\u00f3jka przyjaci\u00f3\u0142, kt\u00f3rzy bardzo lubi\u0105 sp\u0119dza\u0107 ze sob\u0105 czas. Maj\u0105 r\u00f3\u017cne przygody i zawsze dobrze si\u0119 bawi\u0105.\" \/>\n<meta name=\"robots\" content=\"index, follow, max-snippet:-1, max-image-preview:large, max-video-preview:-1\" \/>\n<link rel=\"canonical\" href=\"https:\/\/rysunkidladzieci.com\/index.php\/sowka-i-prosiaczek\/\" \/>\n<meta property=\"og:locale\" content=\"pl_PL\" \/>\n<meta property=\"og:type\" content=\"article\" \/>\n<meta property=\"og:title\" content=\"S\u00f3wka i Prosiaczek - pati machnio\" \/>\n<meta property=\"og:description\" content=\"Poznajcie bohater\u00f3w serii naszych opowiada\u0144. Oto S\u00f3wka i Prosiaczek. Dw\u00f3jka przyjaci\u00f3\u0142, kt\u00f3rzy bardzo lubi\u0105 sp\u0119dza\u0107 ze sob\u0105 czas. Maj\u0105 r\u00f3\u017cne przygody i zawsze dobrze si\u0119 bawi\u0105.\" \/>\n<meta property=\"og:url\" content=\"https:\/\/rysunkidladzieci.com\/index.php\/sowka-i-prosiaczek\/\" \/>\n<meta property=\"og:site_name\" content=\"pati machnio\" \/>\n<meta property=\"article:published_time\" content=\"2022-01-16T17:24:58+00:00\" \/>\n<meta property=\"article:modified_time\" content=\"2022-01-28T23:14:24+00:00\" \/>\n<meta property=\"og:image\" content=\"https:\/\/rysunkidladzieci.com\/wp-content\/uploads\/2021\/11\/MP-22.jpg\" \/>\n\t<meta property=\"og:image:width\" content=\"576\" \/>\n\t<meta property=\"og:image:height\" content=\"768\" \/>\n\t<meta property=\"og:image:type\" content=\"image\/jpeg\" \/>\n<meta name=\"twitter:card\" content=\"summary_large_image\" \/>\n<meta name=\"twitter:label1\" content=\"Napisane przez\" \/>\n\t<meta name=\"twitter:data1\" content=\"pati\" \/>\n\t<meta name=\"twitter:label2\" content=\"Szacowany czas czytania\" \/>\n\t<meta name=\"twitter:data2\" content=\"1 minuta\" \/>\n<script type=\"application\/ld+json\" class=\"yoast-schema-graph\">{\"@context\":\"https:\/\/schema.org\",\"@graph\":[{\"@type\":\"WebSite\",\"@id\":\"https:\/\/rysunkidladzieci.com\/#website\",\"url\":\"https:\/\/rysunkidladzieci.com\/\",\"name\":\"pati machnio\",\"description\":\"RYSUNKI I ILUSTRACJE DLA DZIECI\",\"potentialAction\":[{\"@type\":\"SearchAction\",\"target\":{\"@type\":\"EntryPoint\",\"urlTemplate\":\"https:\/\/rysunkidladzieci.com\/?s={search_term_string}\"},\"query-input\":\"required name=search_term_string\"}],\"inLanguage\":\"pl-PL\"},{\"@type\":\"ImageObject\",\"@id\":\"https:\/\/rysunkidladzieci.com\/index.php\/sowka-i-prosiaczek\/#primaryimage\",\"inLanguage\":\"pl-PL\",\"url\":\"https:\/\/rysunkidladzieci.com\/wp-content\/uploads\/2021\/11\/MP-22.jpg\",\"contentUrl\":\"https:\/\/rysunkidladzieci.com\/wp-content\/uploads\/2021\/11\/MP-22.jpg\",\"width\":576,\"height\":768,\"caption\":\"nocne opowie\u015bci, s\u00f3wka i prosiaczek, las noc\u0105, fioletowy fotel, ilustracja dla dzieci, plakat do pokoju dzieci\u0119cego\"},{\"@type\":\"WebPage\",\"@id\":\"https:\/\/rysunkidladzieci.com\/index.php\/sowka-i-prosiaczek\/#webpage\",\"url\":\"https:\/\/rysunkidladzieci.com\/index.php\/sowka-i-prosiaczek\/\",\"name\":\"S\u00f3wka i Prosiaczek - pati machnio\",\"isPartOf\":{\"@id\":\"https:\/\/rysunkidladzieci.com\/#website\"},\"primaryImageOfPage\":{\"@id\":\"https:\/\/rysunkidladzieci.com\/index.php\/sowka-i-prosiaczek\/#primaryimage\"},\"datePublished\":\"2022-01-16T17:24:58+00:00\",\"dateModified\":\"2022-01-28T23:14:24+00:00\",\"author\":{\"@id\":\"https:\/\/rysunkidladzieci.com\/#\/schema\/person\/e8405861d6e524476bb7a4f91d40af39\"},\"description\":\"Poznajcie bohater\u00f3w serii naszych opowiada\u0144. Oto S\u00f3wka i Prosiaczek. Dw\u00f3jka przyjaci\u00f3\u0142, kt\u00f3rzy bardzo lubi\u0105 sp\u0119dza\u0107 ze sob\u0105 czas. Maj\u0105 r\u00f3\u017cne przygody i zawsze dobrze si\u0119 bawi\u0105.\",\"breadcrumb\":{\"@id\":\"https:\/\/rysunkidladzieci.com\/index.php\/sowka-i-prosiaczek\/#breadcrumb\"},\"inLanguage\":\"pl-PL\",\"potentialAction\":[{\"@type\":\"ReadAction\",\"target\":[\"https:\/\/rysunkidladzieci.com\/index.php\/sowka-i-prosiaczek\/\"]}]},{\"@type\":\"BreadcrumbList\",\"@id\":\"https:\/\/rysunkidladzieci.com\/index.php\/sowka-i-prosiaczek\/#breadcrumb\",\"itemListElement\":[{\"@type\":\"ListItem\",\"position\":1,\"name\":\"Strona g\u0142\u00f3wna\",\"item\":\"https:\/\/rysunkidladzieci.com\/\"},{\"@type\":\"ListItem\",\"position\":2,\"name\":\"S\u00f3wka i Prosiaczek\"}]},{\"@type\":\"Person\",\"@id\":\"https:\/\/rysunkidladzieci.com\/#\/schema\/person\/e8405861d6e524476bb7a4f91d40af39\",\"name\":\"pati\",\"image\":{\"@type\":\"ImageObject\",\"@id\":\"https:\/\/rysunkidladzieci.com\/#personlogo\",\"inLanguage\":\"pl-PL\",\"url\":\"https:\/\/secure.gravatar.com\/avatar\/39216ad8804fab0563891e2a113e2bfe?s=96&d=mm&r=g\",\"contentUrl\":\"https:\/\/secure.gravatar.com\/avatar\/39216ad8804fab0563891e2a113e2bfe?s=96&d=mm&r=g\",\"caption\":\"pati\"},\"sameAs\":[\"https:\/\/rysunkidladzieci.com\"],\"url\":\"https:\/\/rysunkidladzieci.com\/index.php\/author\/pati\/\"}]}<\/script>\n<!-- \/ Yoast SEO plugin. -->","yoast_head_json":{"title":"S\u00f3wka i Prosiaczek - pati machnio","description":"Poznajcie bohater\u00f3w serii naszych opowiada\u0144. Oto S\u00f3wka i Prosiaczek. Dw\u00f3jka przyjaci\u00f3\u0142, kt\u00f3rzy bardzo lubi\u0105 sp\u0119dza\u0107 ze sob\u0105 czas. Maj\u0105 r\u00f3\u017cne przygody i zawsze dobrze si\u0119 bawi\u0105.","robots":{"index":"index","follow":"follow","max-snippet":"max-snippet:-1","max-image-preview":"max-image-preview:large","max-video-preview":"max-video-preview:-1"},"canonical":"https:\/\/rysunkidladzieci.com\/index.php\/sowka-i-prosiaczek\/","og_locale":"pl_PL","og_type":"article","og_title":"S\u00f3wka i Prosiaczek - pati machnio","og_description":"Poznajcie bohater\u00f3w serii naszych opowiada\u0144. Oto S\u00f3wka i Prosiaczek. Dw\u00f3jka przyjaci\u00f3\u0142, kt\u00f3rzy bardzo lubi\u0105 sp\u0119dza\u0107 ze sob\u0105 czas. Maj\u0105 r\u00f3\u017cne przygody i zawsze dobrze si\u0119 bawi\u0105.","og_url":"https:\/\/rysunkidladzieci.com\/index.php\/sowka-i-prosiaczek\/","og_site_name":"pati machnio","article_published_time":"2022-01-16T17:24:58+00:00","article_modified_time":"2022-01-28T23:14:24+00:00","og_image":[{"width":576,"height":768,"url":"https:\/\/rysunkidladzieci.com\/wp-content\/uploads\/2021\/11\/MP-22.jpg","type":"image\/jpeg"}],"twitter_card":"summary_large_image","twitter_misc":{"Napisane przez":"pati","Szacowany czas czytania":"1 minuta"},"schema":{"@context":"https:\/\/schema.org","@graph":[{"@type":"WebSite","@id":"https:\/\/rysunkidladzieci.com\/#website","url":"https:\/\/rysunkidladzieci.com\/","name":"pati machnio","description":"RYSUNKI I ILUSTRACJE DLA DZIECI","potentialAction":[{"@type":"SearchAction","target":{"@type":"EntryPoint","urlTemplate":"https:\/\/rysunkidladzieci.com\/?s={search_term_string}"},"query-input":"required name=search_term_string"}],"inLanguage":"pl-PL"},{"@type":"ImageObject","@id":"https:\/\/rysunkidladzieci.com\/index.php\/sowka-i-prosiaczek\/#primaryimage","inLanguage":"pl-PL","url":"https:\/\/rysunkidladzieci.com\/wp-content\/uploads\/2021\/11\/MP-22.jpg","contentUrl":"https:\/\/rysunkidladzieci.com\/wp-content\/uploads\/2021\/11\/MP-22.jpg","width":576,"height":768,"caption":"nocne opowie\u015bci, s\u00f3wka i prosiaczek, las noc\u0105, fioletowy fotel, ilustracja dla dzieci, plakat do pokoju dzieci\u0119cego"},{"@type":"WebPage","@id":"https:\/\/rysunkidladzieci.com\/index.php\/sowka-i-prosiaczek\/#webpage","url":"https:\/\/rysunkidladzieci.com\/index.php\/sowka-i-prosiaczek\/","name":"S\u00f3wka i Prosiaczek - pati machnio","isPartOf":{"@id":"https:\/\/rysunkidladzieci.com\/#website"},"primaryImageOfPage":{"@id":"https:\/\/rysunkidladzieci.com\/index.php\/sowka-i-prosiaczek\/#primaryimage"},"datePublished":"2022-01-16T17:24:58+00:00","dateModified":"2022-01-28T23:14:24+00:00","author":{"@id":"https:\/\/rysunkidladzieci.com\/#\/schema\/person\/e8405861d6e524476bb7a4f91d40af39"},"description":"Poznajcie bohater\u00f3w serii naszych opowiada\u0144. Oto S\u00f3wka i Prosiaczek. Dw\u00f3jka przyjaci\u00f3\u0142, kt\u00f3rzy bardzo lubi\u0105 sp\u0119dza\u0107 ze sob\u0105 czas. Maj\u0105 r\u00f3\u017cne przygody i zawsze dobrze si\u0119 bawi\u0105.","breadcrumb":{"@id":"https:\/\/rysunkidladzieci.com\/index.php\/sowka-i-prosiaczek\/#breadcrumb"},"inLanguage":"pl-PL","potentialAction":[{"@type":"ReadAction","target":["https:\/\/rysunkidladzieci.com\/index.php\/sowka-i-prosiaczek\/"]}]},{"@type":"BreadcrumbList","@id":"https:\/\/rysunkidladzieci.com\/index.php\/sowka-i-prosiaczek\/#breadcrumb","itemListElement":[{"@type":"ListItem","position":1,"name":"Strona g\u0142\u00f3wna","item":"https:\/\/rysunkidladzieci.com\/"},{"@type":"ListItem","position":2,"name":"S\u00f3wka i Prosiaczek"}]},{"@type":"Person","@id":"https:\/\/rysunkidladzieci.com\/#\/schema\/person\/e8405861d6e524476bb7a4f91d40af39","name":"pati","image":{"@type":"ImageObject","@id":"https:\/\/rysunkidladzieci.com\/#personlogo","inLanguage":"pl-PL","url":"https:\/\/secure.gravatar.com\/avatar\/39216ad8804fab0563891e2a113e2bfe?s=96&d=mm&r=g","contentUrl":"https:\/\/secure.gravatar.com\/avatar\/39216ad8804fab0563891e2a113e2bfe?s=96&d=mm&r=g","caption":"pati"},"sameAs":["https:\/\/rysunkidladzieci.com"],"url":"https:\/\/rysunkidladzieci.com\/index.php\/author\/pati\/"}]}},"_links":{"self":[{"href":"https:\/\/rysunkidladzieci.com\/index.php\/wp-json\/wp\/v2\/posts\/540"}],"collection":[{"href":"https:\/\/rysunkidladzieci.com\/index.php\/wp-json\/wp\/v2\/posts"}],"about":[{"href":"https:\/\/rysunkidladzieci.com\/index.php\/wp-json\/wp\/v2\/types\/post"}],"author":[{"embeddable":true,"href":"https:\/\/rysunkidladzieci.com\/index.php\/wp-json\/wp\/v2\/users\/1"}],"replies":[{"embeddable":true,"href":"https:\/\/rysunkidladzieci.com\/index.php\/wp-json\/wp\/v2\/comments?post=540"}],"version-history":[{"count":7,"href":"https:\/\/rysunkidladzieci.com\/index.php\/wp-json\/wp\/v2\/posts\/540\/revisions"}],"predecessor-version":[{"id":656,"href":"https:\/\/rysunkidladzieci.com\/index.php\/wp-json\/wp\/v2\/posts\/540\/revisions\/656"}],"wp:featuredmedia":[{"embeddable":true,"href":"https:\/\/rysunkidladzieci.com\/index.php\/wp-json\/wp\/v2\/media\/492"}],"wp:attachment":[{"href":"https:\/\/rysunkidladzieci.com\/index.php\/wp-json\/wp\/v2\/media?parent=540"}],"wp:term":[{"taxonomy":"category","embeddable":true,"href":"https:\/\/rysunkidladzieci.com\/index.php\/wp-json\/wp\/v2\/categories?post=540"},{"taxonomy":"post_tag","embeddable":true,"href":"https:\/\/rysunkidladzieci.com\/index.php\/wp-json\/wp\/v2\/tags?post=540"}],"curies":[{"name":"wp","href":"https:\/\/api.w.org\/{rel}","templated":true}]}}